{"id":270,"date":"2011-04-17T13:13:41","date_gmt":"2011-04-17T12:13:41","guid":{"rendered":"http:\/\/mtv.dedenhausen.de\/?p=270"},"modified":"2011-04-17T13:13:41","modified_gmt":"2011-04-17T12:13:41","slug":"vorbereitungen-und-anmeldungen-fur-den-mtv-familientag","status":"publish","type":"post","link":"https:\/\/cms.dedenhausen.de\/mtv\/2011\/04\/17\/vorbereitungen-und-anmeldungen-fur-den-mtv-familientag\/","title":{"rendered":"Vorbereitungen und Anmeldungen f\u00fcr den MTV Familientag"},"content":{"rendered":"<p>Am Pfingstsamstag, 11.06.2011, findet auf dem Sportplatz in Dedenhausen der MTV-Familientag mit sportlichen Aktionen f\u00fcr Gro\u00df und Klein statt.<\/p>\n<p>Wir beginnen morgens um 10.00 bis ca. 12.30 Uhr mit einem Triathlon f\u00fcr die ganze Familie. Am Nachmittag findet dann wieder das beliebte Fu\u00dfballspiel &#8222;Oberdorf gegen Unterdorf&#8220; statt. Zwischendurch werden unterschiedliche Vorf\u00fchrungen (z. B. Voltigieren, Volleyball) geboten. Gegen 18.00 Uhr werden uns Lifebands musikalisch unterhalten. F\u00fcr das leibliche Wohl wird gesorgt.<\/p>\n<h3>Zum Triathlon<\/h3>\n<p>Als Disziplinen sind je 10 km Radfahren und Laufen rund um Dedenhausen sowie 500 m Schwimmen im Freibad Uetze geplant.<\/p>\n<p>Die drei Disziplinen k\u00f6nnen sowohl innerhalb einer Familie (drei Personen: einer\/eine f\u00e4hrt Fahrrad, der\/die n\u00e4chste l\u00e4uft und die dritte Person schwimmt) als auch durch drei Freunde\/Verwandte\/Bekannte, die eine &#8222;Familie&#8220; bilden, absolviert werden. Selbstverst\u00e4ndlich k\u00f6nnen die drei Disziplinen auch von einer Person gemeistert werden.<\/p>\n<p><span style=\"color: #ff0000\">UM DIESEN TRIATHLON BESSER ORGANISIEREN ZU K\u00d6NNEN, BITTEN WIR BIS ZUM 30. APRIL 2011 UM ANMELDUNG DER TEILNEHMER UND TEILNEHMERINNEN BEI ANGELIKA MATTERN (KONTAKTDATEN: SIEHE UNTEN)<\/span>. Wir bitten um Angabe der Vor- und Zunamen und Disziplin, gern per Mail, Fax oder telefonisch.<\/p>\n<p>\u00dcber Freiwillige, die sich als Helfer auf den Lauf- und Radfahrstrecken und im Schwimmbad zur Verf\u00fcgung stellen, w\u00fcrden wir uns auch sehr freuen.<\/p>\n<p>Auf jeden Fall freuen wir uns auf eine gro\u00dfe Teilnahme und zahlreiche Zuschauer!<\/p>\n<h3>Kontakt<\/h3>\n<p>MTV Eintracht Dedenhausen e.V.<br \/>\nAngelika Mattern<br \/>\nAngerkamp 4a<br \/>\n31311 Uetze\/Dedenhausen<br \/>\nTel: 05173\/6336<br \/>\nFax: 05173\/925339<br \/>\nHandy: 0171\/5352307<br \/>\nMail:\u00a0angelika_mattern@web.de<\/p>\n","protected":false},"excerpt":{"rendered":"<p>Am Pfingstsamstag, 11.06.2011, findet auf dem Sportplatz in Dedenhausen der MTV-Familientag mit sportlichen Aktionen f\u00fcr Gro\u00df und Klein statt. Wir beginnen morgens um 10.00 bis ca. 12.30 Uhr mit einem Triathlon f\u00fcr die ganze Familie. Am Nachmittag findet dann wieder das beliebte Fu\u00dfballspiel &#8222;Oberdorf gegen Unterdorf&#8220; statt. Zwischendurch werden unterschiedliche Vorf\u00fchrungen (z. B. Voltigieren, Volleyball) [&hellip;]<\/p>\n","protected":false},"author":4,"featured_media":0,"comment_status":"open","ping_status":"open","sticky":false,"template":"","format":"standard","meta":{"footnotes":""},"categories":[1,2],"tags":[],"class_list":["post-270","post","type-post","status-publish","format-standard","hentry","category-allgemein","category-familientag"],"_links":{"self":[{"href":"https:\/\/cms.dedenhausen.de\/mtv\/wp-json\/wp\/v2\/posts\/270","targetHints":{"allow":["GET"]}}],"collection":[{"href":"https:\/\/cms.dedenhausen.de\/mtv\/wp-json\/wp\/v2\/posts"}],"about":[{"href":"https:\/\/cms.dedenhausen.de\/mtv\/wp-json\/wp\/v2\/types\/post"}],"author":[{"embeddable":true,"href":"https:\/\/cms.dedenhausen.de\/mtv\/wp-json\/wp\/v2\/users\/4"}],"replies":[{"embeddable":true,"href":"https:\/\/cms.dedenhausen.de\/mtv\/wp-json\/wp\/v2\/comments?post=270"}],"version-history":[{"count":0,"href":"https:\/\/cms.dedenhausen.de\/mtv\/wp-json\/wp\/v2\/posts\/270\/revisions"}],"wp:attachment":[{"href":"https:\/\/cms.dedenhausen.de\/mtv\/wp-json\/wp\/v2\/media?parent=270"}],"wp:term":[{"taxonomy":"category","embeddable":true,"href":"https:\/\/cms.dedenhausen.de\/mtv\/wp-json\/wp\/v2\/categories?post=270"},{"taxonomy":"post_tag","embeddable":true,"href":"https:\/\/cms.dedenhausen.de\/mtv\/wp-json\/wp\/v2\/tags?post=270"}],"curies":[{"name":"wp","href":"https:\/\/api.w.org\/{rel}","templated":true}]}}